{"id":909,"date":"2020-11-19T20:34:29","date_gmt":"2020-11-19T19:34:29","guid":{"rendered":"http:\/\/www.claudionichele.eu\/blog\/?p=909"},"modified":"2022-07-06T10:52:15","modified_gmt":"2022-07-06T08:52:15","slug":"covid-19-en-belgique-comparaison-des-deux-premieres-vagues","status":"publish","type":"post","link":"http:\/\/www.claudionichele.eu\/blog\/covid-19-en-belgique-comparaison-des-deux-premieres-vagues\/","title":{"rendered":"COVID-19 en Belgique: comparaison des deux premi\u00e8res vagues"},"content":{"rendered":"\n<p>17\/11\/2020 &#8211; La deuxi\u00e8me vague de contaminations au virus COVID-19 en Belgique a atteint son apog\u00e9e, enfin, et les diff\u00e9rents indicateurs sont tous \u00e0 la baisse. Il faut esp\u00e9rer que cette inversion de tendance se poursuive. <\/p>\n\n\n\n<p>Les donn\u00e9es du site <a href=\"https:\/\/www.sciensano.be\/en\">sciensano.be<\/a> <sup>[1]<\/sup> montrent que la deuxi\u00e8me vague a atteint des pics plus \u00e9lev\u00e9s que la premi\u00e8re du printemps 2020. Les personnes admises \u00e0 l&#8217;h\u00f4pital pour cause de COVID-19 par jour ainsi que les patients en soins intensifs ont \u00e9t\u00e9 plus nombreux, mais heureusement il y a eu moins de d\u00e9c\u00e8s par jour. <\/p>\n\n\n\n<figure class=\"wp-block-image size-large\"><img decoding=\"async\" src=\"http:\/\/www.claudionichele.eu\/blog\/wp-content\/uploads\/2020\/11\/image.png\" alt=\"\" class=\"wp-image-919\"\/><\/figure>\n\n\n\n<p>La d\u00e9croissance est certainement attribuable aux changements de comportement des personnes en soci\u00e9t\u00e9, en famille, au travail; changements qui ont \u00e9t\u00e9 eux-m\u00eames influenc\u00e9s\/impos\u00e9s par les mesures prises par les dirigeants politiques <sup>[2]<\/sup>. Ce sont les d\u00e9cisions politiques, comme celle de mettre la population en confinement, qui conditionnent le plus nos comportements et nos agissements quotidiens, bien plus que tout autre facteur (la connaissance, les croyances, les relations,&#8230;). C\u2019est pourquoi je me suis pos\u00e9 la question <strong>est-ce que nos dirigeants ont pris les bonnes d\u00e9cisions au bon moment pour tenter de contenir la deuxi\u00e8me vague?<\/strong> <\/p>\n\n\n\n<p>Intuitivement, je pense que nos dirigeants n\u2019ont pas pris les d\u00e9cisions au bon moment avant et pendant la deuxi\u00e8me vague, et que des morts auraient pu \u00eatre \u00e9vit\u00e9s.  Pour confirmer ou pas mon intuition, j\u2019ai d\u00e9cid\u00e9 de comparer les deux vagues et de coller dessus le moment o\u00f9 les importantes d\u00e9cisions politiques ont \u00e9t\u00e9 prises. <\/p>\n\n\n\n<h2 class=\"wp-block-heading\">Les d\u00e9cisions politiques<\/h2>\n\n\n\n<p>D&#8217;abord, le syst\u00e8me d\u00e9cisionnel pour tout ce qui touche \u00e0 la sant\u00e9 est compliqu\u00e9 en Belgique, tr\u00e8s compliqu\u00e9. Les comp\u00e9tences de sant\u00e9 y sont \u00e9clat\u00e9es entre les diff\u00e9rents ministres des gouvernements du f\u00e9d\u00e9ral, des r\u00e9gions et\/ou communaut\u00e9s. Ce que l&#8217;on appelle <em>la lasagne institutionnelle belge<\/em> est en fait un spaghetti (un foutoir?). J&#8217;ai tent\u00e9 de l&#8217;illustrer sans y parvenir:<\/p>\n\n\n\n<a data-flickr-embed=\"true\" href=\"https:\/\/www.flickr.com\/photos\/cnichele65\/50596597956\/in\/datetaken-public\/\" title=\"La lasagne institutionnelle de la sant\u00e9 en Belgique\"><img loading=\"lazy\" decoding=\"async\" src=\"https:\/\/live.staticflickr.com\/65535\/50596597956_cb1a23ffb8_w.jpg\" width=\"400\" height=\"282\" alt=\"La lasagne institutionnelle de la sant\u00e9 en Belgique\"><\/a><script async=\"\" src=\"\/\/embedr.flickr.com\/assets\/client-code.js\" charset=\"utf-8\"><\/script>\n\n\n\n<p>Les diff\u00e9rents gouvernements ont pris des mesures chacun \u00e0 leur tour et ont donn\u00e9 autant de conf\u00e9rences de presse pour les communiquer. C&#8217;est ainsi qu&#8217;on a eu droit \u00e0 un triste festival de conf\u00e9rences de presse au mois d&#8217;octobre: d&#8217;abord le gouvernement f\u00e9d\u00e9ral avec un renforcement des mesures le 6\/10,  puis des mesures plus dures le 16\/10, puis des mesures encore plus strictes le 23\/10 au matin, les gouvernements de Wallonie et de la F\u00e9d\u00e9ration Wallonie-Bruxelles adoptent des mesures plus strictes ce m\u00eame 23\/10 apr\u00e8s-midi, la r\u00e9gion de Bruxelles prend ses mesures un jour apr\u00e8s le 24\/10, le gouvernement flamand adopte ses mesures le 27\/10, et finalement le gouvernement f\u00e9d\u00e9ral d\u00e9cr\u00e8te le deuxi\u00e8me confinement le 28\/10. Le manque de coordination a \u00e9t\u00e9&#8230; flagrant. Cela est venu s&#8217;ajouter \u00e0 une communication souvent confuse. Un probl\u00e8me rencontr\u00e9 depuis la premi\u00e8re vague, avec par exemple le port du masque conseill\u00e9, puis rendu obligatoire, pas partout ici mais partout la-bas, tout le temps ou \u00e0 certains moments selon la r\u00e9gion, puis \u00e0 nouveau conseill\u00e9 puis \u00e0 nouveau obligatoire selon la r\u00e9gion. M\u00eame chose pour les cours \u00e0 distance dans l&#8217;enseignement, la fermeture des commerces, les horaires du couvre-feu, etc.  <\/p>\n\n\n\n<p>J&#8217;ai plac\u00e9 les \u00e9v\u00e9nements principaux qui se sont succ\u00e9d\u00e9s en Belgique sur une ligne du temps (impossible de tous les mettre, mais indiquez-moi si quelque chose d&#8217;important manque):   <\/p>\n\n\n\n<iframe loading=\"lazy\" src=\"https:\/\/cdn.knightlab.com\/libs\/timeline3\/latest\/embed\/index.html?source=14nKugCdaCwjSrCvJTsEJQ3X9mIBBTorKGb7ZX-pIEFc&amp;font=Default&amp;lang=en&amp;initial_zoom=2&amp;height=650\" width=\"100%\" height=\"650\" webkitallowfullscreen=\"\" mozallowfullscreen=\"\" allowfullscreen=\"\" frameborder=\"0\"><\/iframe>\n\n\n\n<h2 class=\"wp-block-heading\">Les deux vagues<\/h2>\n\n\n\n<p>Pour comparer les deux vagues, je me suis limit\u00e9 \u00e0 3 indicateurs journaliers avec 1) le nombre d&#8217;admissions \u00e0 l&#8217;h\u00f4pital, 2) le nombre de patients en soins intensifs, et 3) le nombre de morts. Ce sont les seuls indicateurs qui soient assez comparables entre les deux vagues. Les autres indicateurs comme le nombre de cas et celui des tests effectu\u00e9s ont trop chang\u00e9 au cours du temps selon la strat\u00e9gie de testing adopt\u00e9e.<\/p>\n\n\n\n<p>Dans le graphique ci-dessous, la vague du printemps 2020 est encadr\u00e9e en bleu et la vague de l&#8217;automne 2020 en orange: <\/p>\n\n\n\n<figure class=\"wp-block-image size-large is-resized\"><img loading=\"lazy\" decoding=\"async\" src=\"http:\/\/www.claudionichele.eu\/blog\/wp-content\/uploads\/2020\/11\/image-5.png\" alt=\"\" class=\"wp-image-947\" width=\"479\" height=\"254\" srcset=\"http:\/\/www.claudionichele.eu\/blog\/wp-content\/uploads\/2020\/11\/image-5.png 959w, http:\/\/www.claudionichele.eu\/blog\/wp-content\/uploads\/2020\/11\/image-5-300x160.png 300w, http:\/\/www.claudionichele.eu\/blog\/wp-content\/uploads\/2020\/11\/image-5-768x408.png 768w\" sizes=\"auto, (max-width: 479px) 100vw, 479px\" \/><\/figure>\n\n\n\n<p>J&#8217;ai ensuite rapproch\u00e9 les courbes en les faisant glisser sur l&#8217;axe horizontal jusqu&#8217;\u00e0 ce que leurs sommets (= la valeur max de chaque vague) tombent le m\u00eame jour:<\/p>\n\n\n\n<figure class=\"wp-block-image size-large is-resized\"><img loading=\"lazy\" decoding=\"async\" src=\"http:\/\/www.claudionichele.eu\/blog\/wp-content\/uploads\/2020\/11\/image-6.png\" alt=\"\" class=\"wp-image-948\" width=\"463\" height=\"246\" srcset=\"http:\/\/www.claudionichele.eu\/blog\/wp-content\/uploads\/2020\/11\/image-6.png 959w, http:\/\/www.claudionichele.eu\/blog\/wp-content\/uploads\/2020\/11\/image-6-300x160.png 300w, http:\/\/www.claudionichele.eu\/blog\/wp-content\/uploads\/2020\/11\/image-6-768x408.png 768w\" sizes=\"auto, (max-width: 463px) 100vw, 463px\" \/><\/figure>\n\n\n\n<p>J&#8217;ai aussi ajout\u00e9 le <a href=\"https:\/\/fr.wikipedia.org\/wiki\/Nombre_de_reproduction_de_base\">taux de reproduction<\/a>, Rt (ou R0), sous les graphiques des 3 indicateurs. Sur la ligne du temps ci-dessous, la couleur orange (la plus claire) indique un Rt inf\u00e9rieur \u00e0 1, la couleur rouge indique un Rt sup\u00e9rieur \u00e0 1, la couleur noire (la plus fonc\u00e9e) indique un Rt sup\u00e9rieur \u00e0 2. J&#8217;ai utilis\u00e9 la tonalit\u00e9, de clair \u00e0 fonc\u00e9, pour le RT dans les graphiques de comparaison des courbes.  <\/p>\n\n\n\n<figure class=\"wp-block-image size-large\"><img loading=\"lazy\" decoding=\"async\" width=\"1024\" height=\"510\" src=\"http:\/\/www.claudionichele.eu\/blog\/wp-content\/uploads\/2020\/11\/image-3-1024x510.png\" alt=\"\" class=\"wp-image-944\" srcset=\"http:\/\/www.claudionichele.eu\/blog\/wp-content\/uploads\/2020\/11\/image-3-1024x510.png 1024w, http:\/\/www.claudionichele.eu\/blog\/wp-content\/uploads\/2020\/11\/image-3-300x149.png 300w, http:\/\/www.claudionichele.eu\/blog\/wp-content\/uploads\/2020\/11\/image-3-768x382.png 768w, http:\/\/www.claudionichele.eu\/blog\/wp-content\/uploads\/2020\/11\/image-3.png 1217w\" sizes=\"auto, (max-width: 767px) 89vw, (max-width: 1000px) 54vw, (max-width: 1071px) 543px, 580px\" \/><\/figure>\n\n\n\n<h2 class=\"wp-block-heading\">Comparaison des deux vagues<\/h2>\n\n\n\n<p>Voici les visualisations qui comparent les deux vagues de printemps et de l&#8217;automne 2020 pour 1) le nombre d&#8217;admissions \u00e0 l&#8217;h\u00f4pital, 2) le nombre de patients en soins intensifs, et 3) le nombre de morts. Les courbes ont leurs sommets align\u00e9s sur le m\u00eame jour et les d\u00e9cisions de mesures importantes sont situ\u00e9es \u00e0 leur date respective selon la vague. <\/p>\n\n\n\n<h3 class=\"wp-block-heading\">1. Comparaison des admissions \u00e0 l&#8217;h\u00f4pital<\/h3>\n\n\n\n<a data-flickr-embed=\"true\" href=\"https:\/\/www.flickr.com\/photos\/cnichele65\/50614642096\/in\/datetaken-public\/\" title=\"COVID-19 en Belgique: comparaison des deux vagues: Les admissions \u00e0 l'h\u00f4pital\"><img loading=\"lazy\" decoding=\"async\" src=\"https:\/\/live.staticflickr.com\/65535\/50614642096_dcf2a7bc70_b.jpg\" width=\"954\" height=\"1024\" alt=\"COVID-19 en Belgique: comparaison des deux vagues: Les admissions \u00e0 l'h\u00f4pital\"><\/a><script async=\"\" src=\"\/\/embedr.flickr.com\/assets\/client-code.js\" charset=\"utf-8\"><\/script>\n\n\n\n<p><sup>Cliquez l&#8217;image pour pouvoir l&#8217;agrandir ou la d\u00e9charger \u00e0 partir de ma gallerie Flickr.<\/sup><\/p>\n\n\n\n<h3 class=\"wp-block-heading\">2. Comparaison des patients en soins intensifs<\/h3>\n\n\n\n<a data-flickr-embed=\"true\" href=\"https:\/\/www.flickr.com\/photos\/cnichele65\/50614642041\/in\/datetaken-public\/\" title=\"COVID-19 en Belgique: comparaison des deux vagues: Les patients en soins intensifs\"><img loading=\"lazy\" decoding=\"async\" src=\"https:\/\/live.staticflickr.com\/65535\/50614642041_05d50110cf_b.jpg\" width=\"954\" height=\"1024\" alt=\"COVID-19 en Belgique: comparaison des deux vagues: Les patients en soins intensifs\"><\/a><script async=\"\" src=\"\/\/embedr.flickr.com\/assets\/client-code.js\" charset=\"utf-8\"><\/script>\n\n\n\n<p><sup>Cliquez l&#8217;image pour pouvoir l&#8217;agrandir ou la d\u00e9charger \u00e0 partir de ma gallerie Flickr.<\/sup><\/p>\n\n\n\n<h3 class=\"wp-block-heading\">3. Comparaison des morts<\/h3>\n\n\n\n<a data-flickr-embed=\"true\" href=\"https:\/\/www.flickr.com\/photos\/cnichele65\/50613898253\/in\/datetaken-public\/\" title=\"COVID-19 en Belgique: comparaison des deux vagues: Les morts\"><img loading=\"lazy\" decoding=\"async\" src=\"https:\/\/live.staticflickr.com\/65535\/50613898253_4a2d081322_b.jpg\" width=\"954\" height=\"1024\" alt=\"COVID-19 en Belgique: comparaison des deux vagues: Les morts\"><\/a><script async=\"\" src=\"\/\/embedr.flickr.com\/assets\/client-code.js\" charset=\"utf-8\"><\/script>\n\n\n\n<p><sup>Cliquez l&#8217;image pour pouvoir l&#8217;agrandir ou la d\u00e9charger \u00e0 partir de ma gallerie Flickr.<\/sup><\/p>\n\n\n\n<h2 class=\"wp-block-heading\">Conclusions (qui n&#8217;engagent que moi):<\/h2>\n\n\n\n<p>Je dis <strong>BRAVO, chapeau bas, respect, au personnel m\u00e9dical en h\u00f4pital, aux professionnels de la sant\u00e9 et au personnel des maisons de repos<\/strong>. Moins de personnes sont d\u00e9c\u00e9d\u00e9es par jour gr\u00e2ce \u00e0 eux lors de la deuxi\u00e8me vague. Ils l&#8217;ont fait malgr\u00e9 la fatigue, le stress, la peur, et le manque de resources, alors qu&#8217;ils ont eu plus de patients \u00e0 traiter que pendant la premi\u00e8re vague. Je ne suis pas expert, mais mon explication simpliste est qu&#8217;ils ont appris les le\u00e7ons de la premi\u00e8re vague. Ils ont d\u00e9velopp\u00e9 et am\u00e9lior\u00e9 leurs protocoles afin de mieux combattre le virus. Merci infiniment \u00e0 Vous tous!  <\/p>\n\n\n\n<p>Je ne dis <strong>PAS  BRAVO au monde politique belge<\/strong>. Ni \u00e0 l&#8217;actuel qui a d\u00fb g\u00e9rer la crise sanitaire, ni aux pr\u00e9c\u00e9dentes g\u00e9n\u00e9rations de politiciens qui nous ont l\u00e9gu\u00e9 ce syst\u00e8me institutionnel et d\u00e9cisionnel. La complexit\u00e9 du syst\u00e8me a donn\u00e9 lieu \u00e0 une belle cacophonie pour communiquer les d\u00e9cisions anti-covid.<\/p>\n\n\n\n<p>\u00ab&nbsp;<em>il manque des structures claires [dans le syst\u00e8me de sant\u00e9 belge] o\u00f9 on sait qui est responsable pour quoi. Le syst\u00e8me belge a aussi contribu\u00e9 \u00e0 la 2\u00e8me vague.<\/em>&nbsp;\u00bb &#8211; Jan<strong> <\/strong>De<strong> <\/strong>Maessener, Professeur \u00e9m\u00e9rite de m\u00e9decine de famille \u00e0 l&#8217;universit\u00e9 de Gand <sup>[3]<\/sup>.<\/p>\n\n\n\n<p> Sans parler de la communication confuse des mesures lors de certaines conf\u00e9rences de presse. Cela a non seulement contribu\u00e9 \u00e0 \u00e9roder l&#8217;adh\u00e9sion de la population aux mesures <sup>[4]<\/sup> mais cela a aussi augment\u00e9 la d\u00e9fiance \u00e0 l&#8217;\u00e9gard des institutions et aliment\u00e9 la propagation des th\u00e9ories conspirationnistes <sup>[5]<\/sup>. Mais <strong>les d\u00e9cisions ont-elles \u00e9t\u00e9 prises au moment opportun<strong>, au moins cela,<\/strong> pour freiner la mont\u00e9e des courbes? Surtout lors de la deuxi\u00e8me vague de l&#8217;automne?<\/strong> Le doute est permis quand on compare les deux vagues. <\/p>\n\n\n\n<p>A la premi\u00e8re vague du printemps, le virus nous a touch\u00e9 presque par surprise. L&#8217;inconnu et l&#8217;incertitude \u00e9taient totals et le monde politique et surtout m\u00e9dical ont du r\u00e9agir en mode gestion de crise. R\u00e9trospectivement, on constate que le premier confinement de la Belgique a \u00e9t\u00e9 d\u00e9cid\u00e9 t\u00f4t par rapport aux sommets de la vague, alors que les chiffres \u00e9taient encore relativement bas.    <\/p>\n\n\n\n<p>Apr\u00e8s la premi\u00e8re vague, les scientifiques ont alert\u00e9 le monde politique et nous les citoyens qu&#8217;une deuxi\u00e8me vague allait arriver. Forts de l&#8217;exp\u00e9rience de la premi\u00e8re, on aurait pu s&#8217;attendre \u00e0 ne plus \u00eatre pris par surprise, ni de devoir r\u00e9agir en mode gestion de crise, et qu&#8217;une strat\u00e9gie allait \u00eatre mise en place par le politique pour mieux anticiper. Non seulement ce ne fut pas le cas, mais la situation dans les h\u00f4pitaux a \u00e9t\u00e9 pire! R\u00e9trospectivement, on constate que le deuxi\u00e8me confinement de la Belgique a \u00e9t\u00e9 d\u00e9cid\u00e9 tr\u00e8s tard par rapport aux sommets de la vague, alors que les chiffres \u00e9taient d\u00e9j\u00e0 relativement hauts, d\u00e9j\u00e0 plus hauts que ceux de la premi\u00e8re vague (sauf pour le nombre de d\u00e9c\u00e8s qui est heureusement rest\u00e9 inf\u00e9rieur, les politiciens n&#8217;en ont pas le m\u00e9rite). M\u00eame les mesures restrictives prises avant le deuxi\u00e8me confinement l\u2019ont \u00e9t\u00e9 quand les chiffres \u00e9taient d\u00e9j\u00e0 bien sup\u00e9rieurs \u00e0 ceux de la premi\u00e8re vague. <\/p>\n\n\n\n<p>L&#8217;\u00e9volution du taux de reproduction Rt confirme \u00e9galement le retard des d\u00e9cisions qui auraient pu le faire baisser pendant la deuxi\u00e8me vague. La comparaison des deux vagues montre qu&#8217;il est repass\u00e9 sous la valeur de 1 plus rapidement pendant la premi\u00e8re vague que dans la deuxi\u00e8me alors qu&#8217;il partait de valeurs sup\u00e9rieures \u00e0 2.<\/p>\n\n\n\n<hr class=\"wp-block-separator has-css-opacity\"\/>\n\n\n\n<p><\/p>\n\n\n\n<p>Sources d&#8217;information:<\/p>\n\n\n\n<ul class=\"wp-block-list\"><li>Les datasets COVID-19 de Sciensano, l\u2019institut scientifique de r\u00e9f\u00e9rence en \u00e9pid\u00e9miologie des maladies infectieuses en Belgique: <a rel=\"noreferrer noopener\" href=\"https:\/\/epistat.wiv-isp.be\/covid\/\" target=\"_blank\">https:\/\/epistat.wiv-isp.be\/covid\/<\/a><\/li><li>Les <a rel=\"noreferrer noopener\" href=\"https:\/\/www.belgium.be\/fr\/actualites\" target=\"_blank\">actualit\u00e9s des services publics belges<\/a><\/li><li>Les news du site officiel <a rel=\"noreferrer noopener\" href=\"https:\/\/www.info-coronavirus.be\/fr\/\" target=\"_blank\">Coronavirus COVID Belgique<\/a><\/li><li>Les news de la <a rel=\"noreferrer noopener\" href=\"https:\/\/www.rtbf.be\/info\/\" target=\"_blank\">Radio-T\u00e9l\u00e9vision belge RTBF<\/a>, des journaux <a rel=\"noreferrer noopener\" href=\"https:\/\/www.lesoir.be\/\" target=\"_blank\">Le soir<\/a> et <a rel=\"noreferrer noopener\" href=\"https:\/\/www.lalibre.be\/\" target=\"_blank\">La Libre<\/a><\/li><\/ul>\n\n\n\n<p>R\u00e9f\u00e9rences:<\/p>\n\n\n\n<ul class=\"wp-block-list\"><li>[1] sciensano.be: <a rel=\"noreferrer noopener\" href=\"https:\/\/epistat.wiv-isp.be\/covid\/covid-19.html\" target=\"_blank\">https:\/\/epistat.wiv-isp.be\/covid\/covid-19.html<\/a><\/li><li>[2] <a rel=\"noreferrer noopener\" href=\"https:\/\/www.info-coronavirus.be\/fr\/news\/\" target=\"_blank\">https:\/\/www.info-coronavirus.be\/fr\/news\/ <\/a><\/li><li>[3]<a href=\"https:\/\/www.rtbf.be\/auvio\/detail_le-grand-oral-de-jan-de-maessener?id=2706180\"> https:\/\/www.rtbf.be\/auvio\/detail_le-grand-oral-de-jan-de-maessener?id=2706180<\/a><\/li><li>[4] <a rel=\"noreferrer noopener\" href=\"https:\/\/www.ugent.be\/epg\/nl\/onderzoek\/coronastudie\" target=\"_blank\">https:\/\/www.ugent.be\/epg\/nl\/onderzoek\/coronastudie<\/a><\/li><li>[5] <a rel=\"noreferrer noopener\" href=\"https:\/\/sites.uclouvain.be\/laap-anthropologie-prospective\/incertitudes-defiance-et-pensees-conspirationnistes-le-covid-19-au-prisme-du-complot\/\" target=\"_blank\">https:\/\/sites.uclouvain.be\/laap-anthropologie-prospective\/incertitudes-defiance-et-pensees-conspirationnistes-le-covid-19-au-prisme-du-complot\/<\/a><\/li><\/ul>\n\n\n\n<p><\/p>\n\n\n\n<p><\/p>\n","protected":false},"excerpt":{"rendered":"<p>17\/11\/2020 &#8211; La deuxi\u00e8me vague de contaminations au virus COVID-19 en Belgique a atteint son apog\u00e9e, enfin, et les diff\u00e9rents indicateurs sont tous \u00e0 la baisse. Il faut esp\u00e9rer que cette inversion de tendance se poursuive. Les donn\u00e9es du site sciensano.be [1] montrent que la deuxi\u00e8me vague a atteint des pics plus \u00e9lev\u00e9s que la &hellip; <\/p>\n<p class=\"link-more\"><a href=\"http:\/\/www.claudionichele.eu\/blog\/covid-19-en-belgique-comparaison-des-deux-premieres-vagues\/\" class=\"more-link\">Continue reading<span class=\"screen-reader-text\"> &#8220;COVID-19 en Belgique: comparaison des deux premi\u00e8res vagues&#8221;<\/span><\/a><\/p>\n","protected":false},"author":1,"featured_media":0,"comment_status":"closed","ping_status":"open","sticky":false,"template":"","format":"standard","meta":{"footnotes":""},"categories":[1,8],"tags":[77,78,97,39,38,92,27],"class_list":["post-909","post","type-post","status-publish","format-standard","hentry","category-uncategorised","category-visuals","tag-coronavirus","tag-covid19","tag-data-journalism","tag-data-visualisation","tag-dataviz","tag-graphics","tag-illustration"],"_links":{"self":[{"href":"http:\/\/www.claudionichele.eu\/blog\/wp-json\/wp\/v2\/posts\/909","targetHints":{"allow":["GET"]}}],"collection":[{"href":"http:\/\/www.claudionichele.eu\/blog\/wp-json\/wp\/v2\/posts"}],"about":[{"href":"http:\/\/www.claudionichele.eu\/blog\/wp-json\/wp\/v2\/types\/post"}],"author":[{"embeddable":true,"href":"http:\/\/www.claudionichele.eu\/blog\/wp-json\/wp\/v2\/users\/1"}],"replies":[{"embeddable":true,"href":"http:\/\/www.claudionichele.eu\/blog\/wp-json\/wp\/v2\/comments?post=909"}],"version-history":[{"count":65,"href":"http:\/\/www.claudionichele.eu\/blog\/wp-json\/wp\/v2\/posts\/909\/revisions"}],"predecessor-version":[{"id":1080,"href":"http:\/\/www.claudionichele.eu\/blog\/wp-json\/wp\/v2\/posts\/909\/revisions\/1080"}],"wp:attachment":[{"href":"http:\/\/www.claudionichele.eu\/blog\/wp-json\/wp\/v2\/media?parent=909"}],"wp:term":[{"taxonomy":"category","embeddable":true,"href":"http:\/\/www.claudionichele.eu\/blog\/wp-json\/wp\/v2\/categories?post=909"},{"taxonomy":"post_tag","embeddable":true,"href":"http:\/\/www.claudionichele.eu\/blog\/wp-json\/wp\/v2\/tags?post=909"}],"curies":[{"name":"wp","href":"https:\/\/api.w.org\/{rel}","templated":true}]}}