{"id":723,"date":"2020-05-03T21:03:28","date_gmt":"2020-05-03T19:03:28","guid":{"rendered":"http:\/\/www.claudionichele.eu\/blog\/?p=723"},"modified":"2024-08-21T18:18:32","modified_gmt":"2024-08-21T16:18:32","slug":"coronavirus-en-belgique-confinement-et-deconfinement","status":"publish","type":"post","link":"http:\/\/www.claudionichele.eu\/blog\/coronavirus-en-belgique-confinement-et-deconfinement\/","title":{"rendered":"Coronavirus en Belgique: confinements et d\u00e9confinements"},"content":{"rendered":"\n<p><em>Quand j&#8217;ai \u00e9crit cet article en avril 2020, je voulais expliquer simplement les phases du d\u00e9confinement avec mes sketchnotes, et d\u00e9crire sur une ligne du temps comment la Belgique en \u00e9tait arriv\u00e9e \u00e0 devoir confiner sa population pour contrer la pand\u00e9mie du COVID-19. Comme tout le monde, j&#8217;avais alors l&#8217;espoir qu&#8217;avec la fin du d\u00e9confinement pr\u00e9vu pour septembre 2020, on en aurait fini avec cette p\u00e9riode. Le cours des \u00e9v\u00e9nements a \u00e9t\u00e9 fort diff\u00e9rent et j&#8217;ai \u00e9t\u00e9 contraint de mettre \u00e0 jour ma ligne du temps. <\/em><\/p>\n\n\n\n<p>23\/10\/2020: Je dois mettre le titre de cet article au pluriel car la Belgique est maintenant touch\u00e9e par une deuxi\u00e8me vague importante de cas COVID-19. Des mesures \u00e0 nouveau strictes remettent le pays dans une situation similaire au premier confinement, apr\u00e8s une phase de d\u00e9confinement et&#8230; de relachement.<\/p>\n\n\n\n<p>27\/07\/2020: Apr\u00e8s les phases de d\u00e9confinement compliqu\u00e9es \u00e0 comprendre mais qui ont donn\u00e9 de l&#8217;espoir, la Belgique durci ses mesures en raison de l&#8217;augmentation inqui\u00e9tante du nombre de cas de Covid19.<\/p>\n\n\n\n<p>24\/04\/2020 (article original):<\/p>\n\n\n\n<p>Le 24 avril, le gouvernement belge annonce sa strat\u00e9gie de sortie de crise coronavirus. Le temps du confinement d\u00fb \u00e0 la pand\u00e9mie touche \u00e0 sa fin, ou pour le moins c&#8217;est que l&#8217;on esp\u00e8re. Le conditionnel reste toujours de mise car comme l&#8217;a dit Madame Sophie Wilmes, premi\u00e8re ministre, lors de sa conf\u00e9rence de presse: &#8220;<\/p>\n\n\n\n<p>&#8220;<em>Le d\u00e9confinement est une op\u00e9ration jamais r\u00e9alis\u00e9e dans l&#8217;histoire de notre pays et d\u00e9pend de l&#8217;\u00e9volution de la situation sanitaire et se base sur des hypoth\u00e8ses et des pr\u00e9visions. [&#8230;] Rien n&#8217;est grav\u00e9 dans le marbre et certainement pas les \u00e9ch\u00e9ances.&#8221;&nbsp;<\/em> Les faits lui ont malheureusement donn\u00e9 raison.<\/p>\n\n\n\n<p>Le moins que l&#8217;on puisse dire c&#8217;est que le d\u00e9roulement de la sortie de crise annonc\u00e9e en 4 phases apparait compliqu\u00e9 et peu clair. Comme quoi, la communication de crise est une t\u00e2che tr\u00e8s difficile. Pour mieux m&#8217;y retrouver, j&#8217;ai visualis\u00e9 sur une ligne du temps les diff\u00e9rentes phases de sortie, avec ce qui s&#8217;\u00e9tait pass\u00e9 depuis le d\u00e9but de la crise (et les \u00e9v\u00e9n\u00e9ments qui ont suivi). J&#8217;ai ajout\u00e9 quelques sketchnotes persos sur la ligne du temps pour faciliter la compr\u00e9hension de ce qui est \u00e0 nouveau autoris\u00e9, ou interdit. <\/p>\n\n\n\n<h2 class=\"wp-block-heading\"><strong>Ligne du temps de la crise du coronavirus\/COVID-19 en Belgique<\/strong><\/h2>\n\n\n\n<iframe loading=\"lazy\" src=\"https:\/\/cdn.knightlab.com\/libs\/timeline3\/latest\/embed\/index.html?source=14nKugCdaCwjSrCvJTsEJQ3X9mIBBTorKGb7ZX-pIEFc&amp;font=Default&amp;lang=fr&amp;initial_zoom=5&amp;height=650\" width=\"100%\" height=\"650\" webkitallowfullscreen=\"\" mozallowfullscreen=\"\" allowfullscreen=\"\" frameborder=\"0\"><\/iframe>\n","protected":false},"excerpt":{"rendered":"<p>Quand j&#8217;ai \u00e9crit cet article en avril 2020, je voulais expliquer simplement les phases du d\u00e9confinement avec mes sketchnotes, et d\u00e9crire sur une ligne du temps comment la Belgique en \u00e9tait arriv\u00e9e \u00e0 devoir confiner sa population pour contrer la pand\u00e9mie du COVID-19. Comme tout le monde, j&#8217;avais alors l&#8217;espoir qu&#8217;avec la fin du d\u00e9confinement &hellip; <\/p>\n<p class=\"link-more\"><a href=\"http:\/\/www.claudionichele.eu\/blog\/coronavirus-en-belgique-confinement-et-deconfinement\/\" class=\"more-link\">Continue reading<span class=\"screen-reader-text\"> &#8220;Coronavirus en Belgique: confinements et d\u00e9confinements&#8221;<\/span><\/a><\/p>\n","protected":false},"author":1,"featured_media":0,"comment_status":"closed","ping_status":"open","sticky":false,"template":"","format":"standard","meta":{"footnotes":""},"categories":[8],"tags":[10,113,77,78,86,39,38,112,6,111,40],"class_list":["post-723","post","type-post","status-publish","format-standard","hentry","category-visuals","tag-communication","tag-communication-de-crise","tag-coronavirus","tag-covid19","tag-crise","tag-data-visualisation","tag-dataviz","tag-ligne-du-temps","tag-sketchnotes","tag-timeline","tag-visualisation"],"_links":{"self":[{"href":"http:\/\/www.claudionichele.eu\/blog\/wp-json\/wp\/v2\/posts\/723","targetHints":{"allow":["GET"]}}],"collection":[{"href":"http:\/\/www.claudionichele.eu\/blog\/wp-json\/wp\/v2\/posts"}],"about":[{"href":"http:\/\/www.claudionichele.eu\/blog\/wp-json\/wp\/v2\/types\/post"}],"author":[{"embeddable":true,"href":"http:\/\/www.claudionichele.eu\/blog\/wp-json\/wp\/v2\/users\/1"}],"replies":[{"embeddable":true,"href":"http:\/\/www.claudionichele.eu\/blog\/wp-json\/wp\/v2\/comments?post=723"}],"version-history":[{"count":11,"href":"http:\/\/www.claudionichele.eu\/blog\/wp-json\/wp\/v2\/posts\/723\/revisions"}],"predecessor-version":[{"id":908,"href":"http:\/\/www.claudionichele.eu\/blog\/wp-json\/wp\/v2\/posts\/723\/revisions\/908"}],"wp:attachment":[{"href":"http:\/\/www.claudionichele.eu\/blog\/wp-json\/wp\/v2\/media?parent=723"}],"wp:term":[{"taxonomy":"category","embeddable":true,"href":"http:\/\/www.claudionichele.eu\/blog\/wp-json\/wp\/v2\/categories?post=723"},{"taxonomy":"post_tag","embeddable":true,"href":"http:\/\/www.claudionichele.eu\/blog\/wp-json\/wp\/v2\/tags?post=723"}],"curies":[{"name":"wp","href":"https:\/\/api.w.org\/{rel}","templated":true}]}}