{"id":59,"date":"2018-01-06T23:53:58","date_gmt":"2018-01-06T22:53:58","guid":{"rendered":"http:\/\/www.claudionichele.eu\/blog\/?p=59"},"modified":"2024-08-21T18:08:54","modified_gmt":"2024-08-21T16:08:54","slug":"le-sens-emerge-dans-le-calin-du-silence","status":"publish","type":"post","link":"http:\/\/www.claudionichele.eu\/blog\/le-sens-emerge-dans-le-calin-du-silence\/","title":{"rendered":"Le sens \u00e9merge dans le c\u00e2lin du silence"},"content":{"rendered":"<p>Si vous aimez la musique, vous n&#8217;\u00eates pas sans savoir que le silence en constitue un \u00e9l\u00e9ment important, autant que les notes.<\/p>\n<p>&#8220;<em>Le silence musical est une valeur temporelle qui permet, en musique tonale, de s\u00e9parer et de diff\u00e9rencier les sons afin de mettre en exergue leurs relations.<\/em>&#8221; &#8211; universalis.fr.<\/p>\n<p>Comme ses soeurs les notes sonores, le silence poss\u00e8de une transcription dans la notation musicale. Pour \u00eatre pr\u00e9cis, il existe 7 diff\u00e9rentes dur\u00e9es du silence qui correspondent aux 7 figures de notes. Ce sont la pause, la demi-pause, le soupir, le demi, quart, huiti\u00e8me, et seizi\u00e8me de silence.<\/p>\n<p>Un peu comme le silence en musique, le silence me permet de s\u00e9parer le brouhaha dans ma vie quotidienne. C&#8217;est lui qui diff\u00e9rencie le bruit ambiant du sens. &#8220;<em>Je vois ce que tu veux dire<\/em>&#8220;. Sa dur\u00e9e et sa qualit\u00e9 me permettent de sculpter, de verticaliser, d&#8217;approfondir ce qui pr\u00e9c\u00e8de, la phrase, le sens.<\/p>\n<p>Le silence dans une conversation, c&#8217;est comme les blancs dans la page d&#8217;un livre, les ombres dans un paysage, la longueur d&#8217;un vin. Plus il est long et plus la perspective change. J&#8217;entends, je comprends et assimile diff\u00e9rement ce qui m&#8217;est dit. L&#8217;important n&#8217;apparait vraiment que dans le silence. Le sens \u00e9merge dans le c\u00e2lin du silence.<\/p>\n<p>Mais quand le silence prend le dessus sur le son, quand l&#8217;\u00e9quilibre de la balance entre les deux s&#8217;inverse, alors j&#8217;entre dans une autre temporalit\u00e9. J&#8217;entre dans la m\u00e9ditation, dans le royaume du silence, dans l&#8217;univers entier. Ce qui est important et ce qui est vrai envahissent l&#8217;espace autour et en moi. Mon \u00e9go se r\u00e9tracte pour laisser s&#8217;\u00e9panouir qui je suis vraiment.<\/p>\n<p>Cette r\u00e9flexion sur le silence et son rapport au son, \u00e0 la musique, \u00e0 la vie, d\u00e9coulent de ma rencontre avec <a href=\"http:\/\/www.musiquesnouvelles.com\/fr\/Presentation\/Directeur_artistique\/93\/\">Jean-Paul Dessy<\/a>\u00a0 \u00e0 <a href=\"http:\/\/surmars.be\/lieu\/arsonic\/\">l&#8217;Arsonic de Mons<\/a> en D\u00e9cembre 2017. L&#8217;Arsonic offre dans sa &#8220;Maison de l\u2019\u00c9coute&#8221; un espace d\u00e9di\u00e9 \u00e0 <em>l&#8217;\u00e9coute fine et intime de la musique<\/em>, et avec sa Chapelle du silence <em>un espace de recueillement et havre de silence o\u00f9 reposer son esprit et ses oreilles<\/em>. Non pas que je d\u00e9couvrais le silence, loin de l\u00e0, car lui et moi sommes intimement li\u00e9s depuis ma tendre enfance. Mais Jean-Paul y a apport\u00e9 une coloration, ou plus t\u00f4t une sonorit\u00e9 particuli\u00e8re. En tant que violoncelliste, compositeur, chef d&#8217;orchestre, et concepteur de l&#8217;espace Arsonic, Jean-Paul a des mots qui r\u00e9sonnent tr\u00e8s forts sur ceux qui aiment le silence:<\/p>\n<p><cite>&#8220;Pour se reconnecter \u00e0 la part la plus silencieuse, la plus paisible et la plus heureuse de nous-m\u00eame, il faut du temps. Il faut s&#8217;offrir du temps. Il faut offrir du temps \u00e0 la musique. On acc\u00e8de alors \u00e0 un autre espace, \u00e0 une autre temporalit\u00e9, \u00e0 un autre espace-temps. L&#8217;Arsonic a \u00e9t\u00e9 con\u00e7u comme un temple du non mental, du non espace-temps horlog\u00e9. Il permet d&#8217;entrer dans une dimension plus large de nous-m\u00eames.&#8221;<\/cite><\/p>\n<p>Jugez-en par vous-m\u00eame:<\/p>\n<p><iframe loading=\"lazy\" src=\"https:\/\/www.youtube.com\/embed\/OHa0HbtDr4I?rel=0\" width=\"560\" height=\"315\" frameborder=\"0\" allowfullscreen=\"allowfullscreen\"><\/iframe><\/p>\n<p><a title=\"Inspir\u00e9 par Jean-Paul Dessy et le silence\" href=\"https:\/\/www.flickr.com\/photos\/cnichele65\/39515061332\/in\/datetaken-public\/\" data-flickr-embed=\"true\"><img loading=\"lazy\" decoding=\"async\" src=\"https:\/\/farm5.staticflickr.com\/4638\/39515061332_3e7848fe2d.jpg\" alt=\"Inspir\u00e9 par Jean-Paul Dessy et le silence\" width=\"500\" height=\"281\" \/><\/a><script async src=\"\/\/embedr.flickr.com\/assets\/client-code.js\" charset=\"utf-8\"><\/script><\/p>\n<p>Notes:<br \/>\nJ&#8217;ai visit\u00e9 l&#8217;Arsonic dans le cadre d&#8217;une visite de sites \u00e0 Mons qui ont b\u00e9n\u00e9fici\u00e9 des fonds Europ\u00e9ens (FEDER). Subjugu\u00e9 par l&#8217;endroit, j&#8217;y suis rest\u00e9 quelques heures alors que mon groupe poursuivait son parcours de visite dans la ville. J&#8217;ai entendu par trois fois Jean-Paul Dessy accueillir des visiteurs et ensuite les gratifier de ce morceau \u00e0 son violoncelle ami (que j&#8217;ai film\u00e9 avec mon t\u00e9l\u00e9phone \u00e0 la troisi\u00e8me et derni\u00e8re fois). Entre chaque visite, je me suis clo\u00eetr\u00e9, seul, dans la Chapelle du silence o\u00f9 j&#8217;ai m\u00e9dit\u00e9 et esquiss\u00e9 le dessin. Entre Jean-Paul et moi s&#8217;est tiss\u00e9e une belle entente bas\u00e9e sur des valeurs communes. Que de sens ce jour l\u00e0.<\/p>\n","protected":false},"excerpt":{"rendered":"<p>Si vous aimez la musique, vous n&#8217;\u00eates pas sans savoir que le silence en constitue un \u00e9l\u00e9ment important, autant que les notes. &#8220;Le silence musical est une valeur temporelle qui permet, en musique tonale, de s\u00e9parer et de diff\u00e9rencier les sons afin de mettre en exergue leurs relations.&#8221; &#8211; universalis.fr. Comme ses soeurs les notes &hellip; <\/p>\n<p class=\"link-more\"><a href=\"http:\/\/www.claudionichele.eu\/blog\/le-sens-emerge-dans-le-calin-du-silence\/\" class=\"more-link\">Continue reading<span class=\"screen-reader-text\"> &#8220;Le sens \u00e9merge dans le c\u00e2lin du silence&#8221;<\/span><\/a><\/p>\n","protected":false},"author":1,"featured_media":0,"comment_status":"closed","ping_status":"open","sticky":false,"template":"","format":"standard","meta":{"footnotes":""},"categories":[1],"tags":[20,19,16,17,15,6,18],"class_list":["post-59","post","type-post","status-publish","format-standard","hentry","category-uncategorised","tag-arsonic","tag-conversation","tag-meditation","tag-musique","tag-silence","tag-sketchnotes","tag-son"],"_links":{"self":[{"href":"http:\/\/www.claudionichele.eu\/blog\/wp-json\/wp\/v2\/posts\/59","targetHints":{"allow":["GET"]}}],"collection":[{"href":"http:\/\/www.claudionichele.eu\/blog\/wp-json\/wp\/v2\/posts"}],"about":[{"href":"http:\/\/www.claudionichele.eu\/blog\/wp-json\/wp\/v2\/types\/post"}],"author":[{"embeddable":true,"href":"http:\/\/www.claudionichele.eu\/blog\/wp-json\/wp\/v2\/users\/1"}],"replies":[{"embeddable":true,"href":"http:\/\/www.claudionichele.eu\/blog\/wp-json\/wp\/v2\/comments?post=59"}],"version-history":[{"count":8,"href":"http:\/\/www.claudionichele.eu\/blog\/wp-json\/wp\/v2\/posts\/59\/revisions"}],"predecessor-version":[{"id":146,"href":"http:\/\/www.claudionichele.eu\/blog\/wp-json\/wp\/v2\/posts\/59\/revisions\/146"}],"wp:attachment":[{"href":"http:\/\/www.claudionichele.eu\/blog\/wp-json\/wp\/v2\/media?parent=59"}],"wp:term":[{"taxonomy":"category","embeddable":true,"href":"http:\/\/www.claudionichele.eu\/blog\/wp-json\/wp\/v2\/categories?post=59"},{"taxonomy":"post_tag","embeddable":true,"href":"http:\/\/www.claudionichele.eu\/blog\/wp-json\/wp\/v2\/tags?post=59"}],"curies":[{"name":"wp","href":"https:\/\/api.w.org\/{rel}","templated":true}]}}