{"id":161,"date":"2018-02-16T16:03:07","date_gmt":"2018-02-16T15:03:07","guid":{"rendered":"http:\/\/www.claudionichele.eu\/blog\/?p=161"},"modified":"2024-08-21T18:13:02","modified_gmt":"2024-08-21T16:13:02","slug":"le-carnaval-de-binche-est-une-chose-serieuse","status":"publish","type":"post","link":"http:\/\/www.claudionichele.eu\/blog\/le-carnaval-de-binche-est-une-chose-serieuse\/","title":{"rendered":"Le carnaval de Binche est une chose s\u00e9rieuse"},"content":{"rendered":"<p>Le carnaval 2018 est termin\u00e9 mais je voulais revenir sur le dimanche gras que j&#8217;ai pass\u00e9 \u00e0 Binche. Personnellement, c&#8217;est la journ\u00e9e que je pr\u00e9f\u00e8re des 3 jours gras. A cause de la diversit\u00e9 des masques et des costumes, des couleurs, et probablement aussi parce qu&#8217;il y a relativement moins de foule.<\/p>\n<p>Pour rappel, le <a href=\"http:\/\/www.carnavaldebinche.be\/\">carnaval de Binche<\/a> est inscrit au <a href=\"https:\/\/ich.unesco.org\/fr\/RL\/le-carnaval-de-binche-00033\">patrimoine culturel immat\u00e9riel de l&#8217;humanit\u00e9 de l&#8217;UNESCO<\/a>.\u00a0 Il faut s&#8217;\u00eatre m\u00eal\u00e9 aux festivit\u00e9s pour mieux comprendre le pourquoi de cette reconnaissance. La tradition, le folklore, l&#8217;engouement populaire, les couleurs, les costumes, les musiques, sont authentiques et envoutants. Au point que d&#8217;immat\u00e9riel, ce patrimoine de l&#8217;humanit\u00e9 se transforme devant vous en quelque chose de bien tangible. La rivi\u00e8re de musiques et de danses traditionnels vous entraine dans son tourbillon. Quand vient le soir, vous sentez que vous n&#8217;avez pas assist\u00e9 \u00e0 un spectacle mais que vous avez vraiment particip\u00e9 avec les Binchois \u00e0 une f\u00eate unique en son genre.<\/p>\n<p>On ne rigole pas avec la tradition \u00e0 Binche et on y fait la f\u00eate s\u00e9rieusement. Est-ce pour cette raison qu&#8217;\u00e0 mon retour de Binche, dimanche gras au soir, j&#8217;ai constat\u00e9\u00a0que sur la plupart de mes photos, les personnes ont un air s\u00e9rieux, absorb\u00e9, concentr\u00e9? Et si joie il y a &#8211; et de la joie il y en a, je vous rassure &#8211; je la vois presque plus int\u00e9rieure qu&#8217;ext\u00e9rieure sur mes clich\u00e9s. Bien-s\u00fbr, j&#8217;ai des photos avec de l&#8217;all\u00e9gresse et des rires francs, mais bizarrement ou co\u00efncidence, elles sont floues ou moins belles.<\/p>\n<p>Qu&#8217;en pensez-vous, surtout vous amis Binchois:\u00a0 <strong>Est-ce cette reconnaissance de l&#8217;UNESCO (ou le fait que &#8220;<em>El bon Dieu est Bincho\u00fb<\/em>&#8221; ;-),\u00a0qui donne aux binchois de ce dimanche gras apr\u00e8s-midi cet air festif plus int\u00e9rioris\u00e9? <\/strong>Ou n&#8217;ai-je encore rien compris au carnaval \ud83d\ude09 ?<\/p>\n<p><a title=\"Carnaval de Binche 2018 par Claudio Nichele\" href=\"https:\/\/www.flickr.com\/photos\/cnichele65\/40210536641\/in\/datetaken-public\/\" target=\"_blank\" rel=\"noopener\" data-flickr-embed=\"true\"><img loading=\"lazy\" decoding=\"async\" src=\"https:\/\/farm5.staticflickr.com\/4620\/40210536641_c5313bf46a_n.jpg\" alt=\"Carnaval de Binche 2018\" width=\"320\" height=\"213\" \/><\/a> <a title=\"Carnaval de Binche 2018 par Claudio Nichele\" href=\"https:\/\/www.flickr.com\/photos\/cnichele65\/40177848152\/in\/datetaken-public\/\" target=\"_blank\" rel=\"noopener\" data-flickr-embed=\"true\"><img loading=\"lazy\" decoding=\"async\" src=\"https:\/\/farm5.staticflickr.com\/4654\/40177848152_4961221227_n.jpg\" alt=\"Carnaval de Binche 2018\" width=\"320\" height=\"204\" \/><\/a> <a title=\"Carnaval de Binche 2018 par Claudio Nichele\" href=\"https:\/\/www.flickr.com\/photos\/cnichele65\/26338052808\/in\/datetaken-public\/\" target=\"_blank\" rel=\"noopener\" data-flickr-embed=\"true\"><img loading=\"lazy\" decoding=\"async\" src=\"https:\/\/farm5.staticflickr.com\/4702\/26338052808_c3d8a1d8f0_n.jpg\" alt=\"Carnaval de Binche 2018\" width=\"320\" height=\"213\" \/> <\/a><a title=\"Carnaval de Binche 2018 par Claudio Nichele\" href=\"https:\/\/www.flickr.com\/photos\/cnichele65\/40210543211\/in\/datetaken-public\/\" target=\"_blank\" rel=\"noopener\" data-flickr-embed=\"true\"><img loading=\"lazy\" decoding=\"async\" src=\"https:\/\/farm5.staticflickr.com\/4765\/40210543211_0052375533_n.jpg\" alt=\"Carnaval de Binche 2018\" width=\"320\" height=\"213\" \/><\/a><a title=\"Carnaval de Binche 2018 par Claudio Nichele\" href=\"https:\/\/www.flickr.com\/photos\/cnichele65\/39499244654\/in\/datetaken-public\/\" target=\"_blank\" rel=\"noopener\" data-flickr-embed=\"true\"><img loading=\"lazy\" decoding=\"async\" src=\"https:\/\/farm5.staticflickr.com\/4603\/39499244654_3c2eb507d6_n.jpg\" alt=\"Carnaval de Binche 2018\" width=\"320\" height=\"213\" \/><\/a><a title=\"Carnaval de Binche 2018 par Claudio Nichele\" href=\"https:\/\/www.flickr.com\/photos\/cnichele65\/39499246664\/in\/datetaken-public\/\" target=\"_blank\" rel=\"noopener\" data-flickr-embed=\"true\"><img loading=\"lazy\" decoding=\"async\" src=\"https:\/\/farm5.staticflickr.com\/4609\/39499246664_959be5b75e_n.jpg\" alt=\"Carnaval de Binche 2018\" width=\"320\" height=\"213\" \/><\/a><a title=\"Carnaval de Binche 2018 par Claudio Nichele\" href=\"https:\/\/www.flickr.com\/photos\/cnichele65\/25339427977\/in\/datetaken-public\/\" target=\"_blank\" rel=\"noopener\" data-flickr-embed=\"true\"><img loading=\"lazy\" decoding=\"async\" src=\"https:\/\/farm5.staticflickr.com\/4655\/25339427977_1e697e9eac_n.jpg\" alt=\"Carnaval de Binche 2018\" width=\"320\" height=\"213\" \/><\/a><a title=\"Carnaval de Binche 2018 par Claudio Nichele\" href=\"https:\/\/www.flickr.com\/photos\/cnichele65\/39499257924\/in\/datetaken-public\/\" target=\"_blank\" rel=\"noopener\" data-flickr-embed=\"true\"><img loading=\"lazy\" decoding=\"async\" src=\"https:\/\/farm5.staticflickr.com\/4672\/39499257924_3dd96f4a22_n.jpg\" alt=\"Carnaval de Binche 2018\" width=\"320\" height=\"205\" \/><\/a><a title=\"Carnaval de Binche 2018 par Claudio Nichele\" href=\"https:\/\/www.flickr.com\/photos\/cnichele65\/39499260464\/in\/datetaken-public\/\" target=\"_blank\" rel=\"noopener\" data-flickr-embed=\"true\"><img loading=\"lazy\" decoding=\"async\" src=\"https:\/\/farm5.staticflickr.com\/4766\/39499260464_ba1785e0a8_n.jpg\" alt=\"Carnaval de Binche 2018\" width=\"320\" height=\"198\" \/><\/a><a title=\"Carnaval de Binche 2018 par Claudio Nichele\" href=\"https:\/\/www.flickr.com\/photos\/cnichele65\/40210526101\/in\/datetaken-public\/\" target=\"_blank\" rel=\"noopener\" data-flickr-embed=\"true\"><img loading=\"lazy\" decoding=\"async\" src=\"https:\/\/farm5.staticflickr.com\/4670\/40210526101_4cf9e05db2_n.jpg\" alt=\"Carnaval de Binche 2018\" width=\"213\" height=\"320\" \/><\/a><a title=\"Carnaval de Binche 2018 par Claudio Nichele\" href=\"https:\/\/www.flickr.com\/photos\/cnichele65\/39499264414\/in\/datetaken-public\/\" target=\"_blank\" rel=\"noopener\" data-flickr-embed=\"true\"><img loading=\"lazy\" decoding=\"async\" src=\"https:\/\/farm5.staticflickr.com\/4751\/39499264414_21d8731f63_n.jpg\" alt=\"Carnaval de Binche 2018\" width=\"320\" height=\"210\" \/><\/a><a title=\"Carnaval de Binche 2018 par Claudio Nichele\" href=\"https:\/\/www.flickr.com\/photos\/cnichele65\/40210530471\/in\/datetaken-public\/\" target=\"_blank\" rel=\"noopener\" data-flickr-embed=\"true\"><img loading=\"lazy\" decoding=\"async\" src=\"https:\/\/farm5.staticflickr.com\/4648\/40210530471_c6efd13a22_n.jpg\" alt=\"Carnaval de Binche 2018\" width=\"320\" height=\"213\" \/><\/a><a title=\"Carnaval de Binche 2018 par Claudio Nichele\" href=\"https:\/\/www.flickr.com\/photos\/cnichele65\/40210532661\/in\/datetaken-public\/\" target=\"_blank\" rel=\"noopener\" data-flickr-embed=\"true\"><img loading=\"lazy\" decoding=\"async\" src=\"https:\/\/farm5.staticflickr.com\/4667\/40210532661_fc2a51a576_n.jpg\" alt=\"Carnaval de Binche 2018\" width=\"320\" height=\"213\" \/><\/a><a title=\"Carnaval de Binche 2018 par Claudio Nichele\" href=\"https:\/\/www.flickr.com\/photos\/cnichele65\/40177845032\/in\/datetaken-public\/\" target=\"_blank\" rel=\"noopener\" data-flickr-embed=\"true\"><img loading=\"lazy\" decoding=\"async\" src=\"https:\/\/farm5.staticflickr.com\/4602\/40177845032_651a3c4e38_n.jpg\" alt=\"Carnaval de Binche 2018\" width=\"320\" height=\"213\" \/><\/a><\/p>\n<p>Observez le regard derri\u00e8re ce superbe masque v\u00e9nitien, il vous sourit aussi avec un bonheur int\u00e9rieur:<\/p>\n<p><a title=\"Carnaval de Binche 2018 par Claudio Nichele\" href=\"https:\/\/www.flickr.com\/photos\/cnichele65\/28430953189\/in\/datetaken-public\/\" target=\"_blank\" rel=\"noopener\" data-flickr-embed=\"true\"><img loading=\"lazy\" decoding=\"async\" src=\"https:\/\/farm5.staticflickr.com\/4620\/28430953189_e9175938c3_z.jpg\" alt=\"Carnaval de Binche 2018\" width=\"640\" height=\"427\" \/><\/a><\/p>\n<pre style=\"text-align: center;\"><a target=\"_blank\" href=\"https:\/\/flic.kr\/s\/aHsmcBrSaH\" rel=\"noopener\">Voir d'autres photos dans la galerie Flickr<\/a><\/pre>\n","protected":false},"excerpt":{"rendered":"<p>Le carnaval 2018 est termin\u00e9 mais je voulais revenir sur le dimanche gras que j&#8217;ai pass\u00e9 \u00e0 Binche. Personnellement, c&#8217;est la journ\u00e9e que je pr\u00e9f\u00e8re des 3 jours gras. A cause de la diversit\u00e9 des masques et des costumes, des couleurs, et probablement aussi parce qu&#8217;il y a relativement moins de foule. Pour rappel, le &hellip; <\/p>\n<p class=\"link-more\"><a href=\"http:\/\/www.claudionichele.eu\/blog\/le-carnaval-de-binche-est-une-chose-serieuse\/\" class=\"more-link\">Continue reading<span class=\"screen-reader-text\"> &#8220;Le carnaval de Binche est une chose s\u00e9rieuse&#8221;<\/span><\/a><\/p>\n","protected":false},"author":1,"featured_media":183,"comment_status":"closed","ping_status":"open","sticky":false,"template":"","format":"standard","meta":{"footnotes":""},"categories":[2],"tags":[32,30,31,34,35,33,5,36,37],"class_list":["post-161","post","type-post","status-publish","format-standard","has-post-thumbnail","hentry","category-travels","tag-binche","tag-carnaval","tag-carnival","tag-costumes","tag-folklore","tag-masques","tag-photo","tag-tradition","tag-unesco"],"_links":{"self":[{"href":"http:\/\/www.claudionichele.eu\/blog\/wp-json\/wp\/v2\/posts\/161","targetHints":{"allow":["GET"]}}],"collection":[{"href":"http:\/\/www.claudionichele.eu\/blog\/wp-json\/wp\/v2\/posts"}],"about":[{"href":"http:\/\/www.claudionichele.eu\/blog\/wp-json\/wp\/v2\/types\/post"}],"author":[{"embeddable":true,"href":"http:\/\/www.claudionichele.eu\/blog\/wp-json\/wp\/v2\/users\/1"}],"replies":[{"embeddable":true,"href":"http:\/\/www.claudionichele.eu\/blog\/wp-json\/wp\/v2\/comments?post=161"}],"version-history":[{"count":19,"href":"http:\/\/www.claudionichele.eu\/blog\/wp-json\/wp\/v2\/posts\/161\/revisions"}],"predecessor-version":[{"id":1348,"href":"http:\/\/www.claudionichele.eu\/blog\/wp-json\/wp\/v2\/posts\/161\/revisions\/1348"}],"wp:featuredmedia":[{"embeddable":true,"href":"http:\/\/www.claudionichele.eu\/blog\/wp-json\/wp\/v2\/media\/183"}],"wp:attachment":[{"href":"http:\/\/www.claudionichele.eu\/blog\/wp-json\/wp\/v2\/media?parent=161"}],"wp:term":[{"taxonomy":"category","embeddable":true,"href":"http:\/\/www.claudionichele.eu\/blog\/wp-json\/wp\/v2\/categories?post=161"},{"taxonomy":"post_tag","embeddable":true,"href":"http:\/\/www.claudionichele.eu\/blog\/wp-json\/wp\/v2\/tags?post=161"}],"curies":[{"name":"wp","href":"https:\/\/api.w.org\/{rel}","templated":true}]}}