{"id":1442,"date":"2025-11-08T14:03:00","date_gmt":"2025-11-08T13:03:00","guid":{"rendered":"http:\/\/www.claudionichele.eu\/blog\/?p=1442"},"modified":"2026-03-10T14:04:01","modified_gmt":"2026-03-10T13:04:01","slug":"medias-sociaux-et-democracie","status":"publish","type":"post","link":"http:\/\/www.claudionichele.eu\/blog\/medias-sociaux-et-democracie\/","title":{"rendered":"M\u00e9dias sociaux\u00a0et d\u00e9mocracie"},"content":{"rendered":"\n<figure class=\"wp-block-embed is-type-photo is-provider-flickr wp-block-embed-flickr\"><div class=\"wp-block-embed__wrapper\">\n<a href=\"https:\/\/flic.kr\/p\/2rDKyxW\"><img loading=\"lazy\" decoding=\"async\" src=\"https:\/\/live.staticflickr.com\/65535\/54904821412_c3c96ee95a.jpg\" alt=\"Conference - Sketchnoting\" width=\"500\" height=\"358\" \/><\/a>\n<\/div><\/figure>\n\n\n\n<p>\u00abDe quels m\u00e9dias sociaux voulons-nous\u00a0?\u00a0\u00bb \u00e9tait\u00a0la question pos\u00e9e lors d\u2019une conf\u00e9rence-d\u00e9bat citoyenne \u00e0 laquelle j\u2019ai eu le plaisir de participer.<br>J\u2019y suis all\u00e9 avant tout pour \u00e9couter\u00a0Luc De\u00a0Brabandere, que j\u2019admire pour sa pens\u00e9e claire et sa fa\u00e7on d\u2019aborder la technologie avec logique et profondeur. Ses propos r\u00e9sonnent particuli\u00e8rement \u00e0 une \u00e9poque o\u00f9 la technologie fa\u00e7onne nos vies et o\u00f9 chacun a un avis sur tout, souvent sans en comprendre les fondements.<br>Les \u00e9changes ont mis en lumi\u00e8re les d\u00e9rives bien connues des m\u00e9dias sociaux : la propagation \u00e9clair des fausses \u00ab\u00a0v\u00e9rit\u00e9s\u00a0\u00bb; l\u2019enfermement dans des bulles d\u2019opinion; l\u2019amplification \u00e9motionnelle au service du buzz, et de certains int\u00e9r\u00eats, politiques ou \u00e9conomiques.<br>D\u2019entr\u00e9e de jeu, les orateurs ont rappel\u00e9 que\u00a0le num\u00e9rique est politique. Les m\u00e9dias sociaux ne sont pas neutres: ils portent (volontairement ou non) un projet id\u00e9ologique.<br>Les solutions existent, \u00e0 plusieurs niveaux: individuelles (\u00e9ducation, esprit critique, discernement) et institutionnelles (r\u00e9gulation, fiscalit\u00e9, authentification num\u00e9rique, etc.).<br>Deux points m\u2019ont particuli\u00e8rement marqu\u00e9: 1) l\u2019importance d\u2019une Europe forte\u00a0pour r\u00e9guler, l\u00e9gif\u00e9rer et retrouver notre souverainet\u00e9 technologique (\u00e9tant donn\u00e9 que je travaille \u00e0 la Commission Europ\u00e9enne, je ne peux qu&#8217;approuver et \u00eatre rassur\u00e9 par cette conclusion); 2) la n\u00e9cessit\u00e9 de\u00a0r\u00e9apprendre \u00e0 raisonner d\u00e8s le plus jeune \u00e2ge, pour mieux penser, mieux communiquer\u2026 et mieux agir.<br><br>Un grand merci \u00e0 <a href=\"https:\/\/www.linkedin.com\/in\/luc-de-brabandere-813148186\/\">Luc de Brabandere<\/a> <a href=\"https:\/\/www.linkedin.com\/in\/laurent-hublet-70aba710\/\">Laurent Hublet<\/a> <a href=\"https:\/\/www.linkedin.com\/in\/isma%C3%ABl-nuino-61032818a\/\">Isma\u00ebl Nuino<\/a> , aux organisateurs, et au public pour leurs questions stimulantes.<br>En images : mes notes visuelles, les orateurs et organisateurs, et la d\u00e9dicace de Luc de Brabandere dans son livre Petite Philosophie des cat\u00e9gories in\u00e9vitables.<\/p>\n\n\n\n<p>Ce post sur <a href=\"https:\/\/www.linkedin.com\/posts\/claudio-nichele-08877127_sketchnotes-pensaezevisuelle-mediassociaux-activity-7391789547321413632-Q2oM?utm_source=share&amp;utm_medium=member_desktop&amp;rcm=ACoAAAWhQigBxSvPhBjYzMnqCwytUOKvP1RGoIY\">Linkedin<\/a><\/p>\n\n\n\n<p><\/p>\n","protected":false},"excerpt":{"rendered":"<p>\u00abDe quels m\u00e9dias sociaux voulons-nous\u00a0?\u00a0\u00bb \u00e9tait\u00a0la question pos\u00e9e lors d\u2019une conf\u00e9rence-d\u00e9bat citoyenne \u00e0 laquelle j\u2019ai eu le plaisir de participer.J\u2019y suis all\u00e9 avant tout pour \u00e9couter\u00a0Luc De\u00a0Brabandere, que j\u2019admire pour sa pens\u00e9e claire et sa fa\u00e7on d\u2019aborder la technologie avec logique et profondeur. Ses propos r\u00e9sonnent particuli\u00e8rement \u00e0 une \u00e9poque o\u00f9 la technologie fa\u00e7onne nos &hellip; <\/p>\n<p class=\"link-more\"><a href=\"http:\/\/www.claudionichele.eu\/blog\/medias-sociaux-et-democracie\/\" class=\"more-link\">Continue reading<span class=\"screen-reader-text\"> &#8220;M\u00e9dias sociaux\u00a0et d\u00e9mocracie&#8221;<\/span><\/a><\/p>\n","protected":false},"author":1,"featured_media":0,"comment_status":"open","ping_status":"open","sticky":false,"template":"","format":"standard","meta":{"footnotes":""},"categories":[8],"tags":[185,12,27,184,186,93,6,72,11],"class_list":["post-1442","post","type-post","status-publish","format-standard","hentry","category-visuals","tag-democracie","tag-graphic-recording","tag-illustration","tag-mediasociaux","tag-pensee-visuelle","tag-sketchbook","tag-sketchnotes","tag-visual-thinking","tag-visuals"],"_links":{"self":[{"href":"http:\/\/www.claudionichele.eu\/blog\/wp-json\/wp\/v2\/posts\/1442","targetHints":{"allow":["GET"]}}],"collection":[{"href":"http:\/\/www.claudionichele.eu\/blog\/wp-json\/wp\/v2\/posts"}],"about":[{"href":"http:\/\/www.claudionichele.eu\/blog\/wp-json\/wp\/v2\/types\/post"}],"author":[{"embeddable":true,"href":"http:\/\/www.claudionichele.eu\/blog\/wp-json\/wp\/v2\/users\/1"}],"replies":[{"embeddable":true,"href":"http:\/\/www.claudionichele.eu\/blog\/wp-json\/wp\/v2\/comments?post=1442"}],"version-history":[{"count":1,"href":"http:\/\/www.claudionichele.eu\/blog\/wp-json\/wp\/v2\/posts\/1442\/revisions"}],"predecessor-version":[{"id":1443,"href":"http:\/\/www.claudionichele.eu\/blog\/wp-json\/wp\/v2\/posts\/1442\/revisions\/1443"}],"wp:attachment":[{"href":"http:\/\/www.claudionichele.eu\/blog\/wp-json\/wp\/v2\/media?parent=1442"}],"wp:term":[{"taxonomy":"category","embeddable":true,"href":"http:\/\/www.claudionichele.eu\/blog\/wp-json\/wp\/v2\/categories?post=1442"},{"taxonomy":"post_tag","embeddable":true,"href":"http:\/\/www.claudionichele.eu\/blog\/wp-json\/wp\/v2\/tags?post=1442"}],"curies":[{"name":"wp","href":"https:\/\/api.w.org\/{rel}","templated":true}]}}