{"id":1212,"date":"2023-08-18T17:25:29","date_gmt":"2023-08-18T15:25:29","guid":{"rendered":"http:\/\/www.claudionichele.eu\/blog\/?p=1212"},"modified":"2024-08-21T18:25:46","modified_gmt":"2024-08-21T16:25:46","slug":"les-12-facons-decrire-le-son-s-en-francais","status":"publish","type":"post","link":"http:\/\/www.claudionichele.eu\/blog\/les-12-facons-decrire-le-son-s-en-francais\/","title":{"rendered":"Les 12 fa\u00e7ons d&#8217;\u00e9crire le son S en fran\u00e7ais"},"content":{"rendered":"\n<p>FR: Est-ce que le fran\u00e7ais est une langue compliqu\u00e9e? Pas tellement, non, il n&#8217;existe que 12 mani\u00e8res d&#8217;\u00e9crire le son \u00ab s \u00bb.<\/p>\n\n\n\n<p>EN: Is French a complicated language? Not so much. There are only 12 ways to write the \u201cs\u201d sound.<\/p>\n\n\n\n<a data-flickr-embed=\"true\" href=\"https:\/\/www.flickr.com\/photos\/cnichele65\/53125216770\/in\/datetaken-public\/\" title=\"Les 12 fa\u00e7ons d&#x27;\u00e9crire le son S en fran\u00e7ais\"><img loading=\"lazy\" decoding=\"async\" src=\"https:\/\/live.staticflickr.com\/65535\/53125216770_b5f11181db_c.jpg\" width=\"573\" height=\"800\" alt=\"Les 12 fa\u00e7ons d&#x27;\u00e9crire le son S en fran\u00e7ais\"\/><\/a><script async src=\"\/\/embedr.flickr.com\/assets\/client-code.js\" charset=\"utf-8\"><\/script>\n\n\n\n<p>Librement inspir\u00e9 du <a href=\"https:\/\/youtu.be\/5YO7Vg1ByA8?si=wTOpaHjlaeSW04hk\">TEDx talk &#8220;La faute de l&#8217;orthographe&#8221;<\/a> de Arnaud Hoedt et J\u00e9r\u00f4me Piron.<\/p>\n","protected":false},"excerpt":{"rendered":"<p>FR: Est-ce que le fran\u00e7ais est une langue compliqu\u00e9e? Pas tellement, non, il n&#8217;existe que 12 mani\u00e8res d&#8217;\u00e9crire le son \u00ab s \u00bb. EN: Is French a complicated language? Not so much. There are only 12 ways to write the \u201cs\u201d sound. Librement inspir\u00e9 du TEDx talk &#8220;La faute de l&#8217;orthographe&#8221; de Arnaud Hoedt et &hellip; <\/p>\n<p class=\"link-more\"><a href=\"http:\/\/www.claudionichele.eu\/blog\/les-12-facons-decrire-le-son-s-en-francais\/\" class=\"more-link\">Continue reading<span class=\"screen-reader-text\"> &#8220;Les 12 fa\u00e7ons d&#8217;\u00e9crire le son S en fran\u00e7ais&#8221;<\/span><\/a><\/p>\n","protected":false},"author":1,"featured_media":0,"comment_status":"closed","ping_status":"open","sticky":false,"template":"","format":"standard","meta":{"footnotes":""},"categories":[8],"tags":[45,134,27,6,72,11],"class_list":["post-1212","post","type-post","status-publish","format-standard","hentry","category-visuals","tag-drawing","tag-francais","tag-illustration","tag-sketchnotes","tag-visual-thinking","tag-visuals"],"_links":{"self":[{"href":"http:\/\/www.claudionichele.eu\/blog\/wp-json\/wp\/v2\/posts\/1212","targetHints":{"allow":["GET"]}}],"collection":[{"href":"http:\/\/www.claudionichele.eu\/blog\/wp-json\/wp\/v2\/posts"}],"about":[{"href":"http:\/\/www.claudionichele.eu\/blog\/wp-json\/wp\/v2\/types\/post"}],"author":[{"embeddable":true,"href":"http:\/\/www.claudionichele.eu\/blog\/wp-json\/wp\/v2\/users\/1"}],"replies":[{"embeddable":true,"href":"http:\/\/www.claudionichele.eu\/blog\/wp-json\/wp\/v2\/comments?post=1212"}],"version-history":[{"count":1,"href":"http:\/\/www.claudionichele.eu\/blog\/wp-json\/wp\/v2\/posts\/1212\/revisions"}],"predecessor-version":[{"id":1213,"href":"http:\/\/www.claudionichele.eu\/blog\/wp-json\/wp\/v2\/posts\/1212\/revisions\/1213"}],"wp:attachment":[{"href":"http:\/\/www.claudionichele.eu\/blog\/wp-json\/wp\/v2\/media?parent=1212"}],"wp:term":[{"taxonomy":"category","embeddable":true,"href":"http:\/\/www.claudionichele.eu\/blog\/wp-json\/wp\/v2\/categories?post=1212"},{"taxonomy":"post_tag","embeddable":true,"href":"http:\/\/www.claudionichele.eu\/blog\/wp-json\/wp\/v2\/tags?post=1212"}],"curies":[{"name":"wp","href":"https:\/\/api.w.org\/{rel}","templated":true}]}}